{"id":3017,"date":"2026-02-23T10:08:47","date_gmt":"2026-02-23T10:08:47","guid":{"rendered":"\/docs-mcloud\/?p=3017"},"modified":"2026-02-23T20:22:51","modified_gmt":"2026-02-23T20:22:51","slug":"5-standard-verzeichnis-setzen","status":"publish","type":"post","link":"\/docs-mcloud\/2026\/02\/23\/5-standard-verzeichnis-setzen\/","title":{"rendered":"#5 Standard-Verzeichnis setzen"},"content":{"rendered":"\n<p>Eigentlich stellen wir die Hotline\u2011Topics immer als Kombination aus einem planerischen oder marktforscherischen Aspekt und einem passenden technischen Tool\u2011Feature dar. Diesmal weichen wir davon ab. Der Grund: Bei uns h\u00e4ufen sich Anfragen, dass bestimmte Zielgruppen, die geladen werden sollen, <strong>nicht sichtbar<\/strong> seien. Deshalb widmen wir uns diesmal ausschlie\u00dflich dem technischen Feature <strong>\u201eStandard-Verzeichnis\u201c<\/strong>.<\/p>\n\n\n\n<p><strong>Warum gibt es das Standard-Verzeichnis?<\/strong><\/p>\n\n\n\n<p>Im alten <em>mds\u2011online<\/em> war die Dateiablage anders organisiert: Dateien wurden in einem klassischen Verzeichnisbaum abgelegt \u2013 \u00e4hnlich wie im Windows\u2011Explorer. Bei umfangreichen Projektstrukturen f\u00fchrte das jedoch zu viel Geklicke, besonders wenn \u00fcber l\u00e4ngere Zeit immer wieder dasselbe Verzeichnis ben\u00f6tigt wurde. Um diesen Aufwand zu reduzieren, wurde in MDS\u2011Cloud das <strong>Standard-Verzeichnis<\/strong> eingef\u00fchrt.<\/p>\n\n\n\n<p><strong>Wie funktioniert das Standard-Verzeichnis?<\/strong><\/p>\n\n\n\n<p>Im Beispiel (siehe Screenshot) wurde das Verzeichnis <em>b4p 2024 III<\/em> als Standard-Verzeichnis gesetzt. Das erkennt man am Stern links neben dem Verzeichnisnamen. Alle Dateien \u2013 Zielgruppen, Tabellen oder Pl\u00e4ne \u2013 aus diesem Verzeichnis und seinen Unterverzeichnissen k\u00f6nnen direkt in MDS\u2011Cloud ausgew\u00e4hlt werden.<\/p>\n\n\n\n<p><strong>Warum werden Dateien nicht angezeigt und wie werden sie sichtbar?<\/strong><\/p>\n\n\n\n<p>Wenn System\u2011Dateien aus einem anderen Jahrgang geladen werden sollen (also ein \u00e4lterer oder j\u00fcngerer Jahrgang &nbsp;der b4p), sind diese dort <strong>nicht sichtbar<\/strong>. In diesem Fall muss ein anderes Standard-Verzeichnis gew\u00e4hlt werden, was einfach geht:<\/p>\n\n\n\n<figure class=\"wp-block-image size-large\"><img loading=\"lazy\" decoding=\"async\" width=\"1024\" height=\"667\" src=\"\/docs-mcloud\/wp-content\/uploads\/sites\/4\/2026\/02\/Bild-Hotline-Topics-fuer-Standard-Verzeichnis-1024x667.png\" alt=\"\" class=\"wp-image-3019\" srcset=\"\/docs-mcloud\/wp-content\/uploads\/sites\/4\/2026\/02\/Bild-Hotline-Topics-fuer-Standard-Verzeichnis-1024x667.png 1024w, \/docs-mcloud\/wp-content\/uploads\/sites\/4\/2026\/02\/Bild-Hotline-Topics-fuer-Standard-Verzeichnis-300x195.png 300w, \/docs-mcloud\/wp-content\/uploads\/sites\/4\/2026\/02\/Bild-Hotline-Topics-fuer-Standard-Verzeichnis-768x500.png 768w, \/docs-mcloud\/wp-content\/uploads\/sites\/4\/2026\/02\/Bild-Hotline-Topics-fuer-Standard-Verzeichnis-1536x1000.png 1536w, \/docs-mcloud\/wp-content\/uploads\/sites\/4\/2026\/02\/Bild-Hotline-Topics-fuer-Standard-Verzeichnis-2048x1334.png 2048w\" sizes=\"auto, (max-width: 1024px) 100vw, 1024px\" \/><\/figure>\n\n\n\n<ol class=\"wp-block-list\">\n<li><strong>Men\u00fc-Fenster \u201eZielgruppe verwalten\u201c \u00f6ffnen<\/strong><\/li>\n\n\n\n<li>Im Verzeichnisbaum das gew\u00fcnschte Verzeichnis ausw\u00e4hlen und markieren \u2013 im Beispiel ist es das \u00dcberverzeichnis \u201e<em>b4p\u201c<\/em><\/li>\n\n\n\n<li>Mit der <strong>rechten Maustaste<\/strong> das Kontextmen\u00fc \u00f6ffnen<\/li>\n\n\n\n<li>Men\u00fc-Punkt <strong>\u201eStandard-Verzeichnis\u201c<\/strong> ausw\u00e4hlen<\/li>\n\n\n\n<li>Mit der <strong>linken Maustaste best\u00e4tigen<\/strong><\/li>\n\n\n\n<li>Im Men\u00fcfenster <strong>\u201eZielgruppe verwalten\u201c<\/strong> abschlie\u00dfend auf <strong>\u201eOK\u201c<\/strong> klicken<\/li>\n<\/ol>\n\n\n\n<p>Und schon ist das neue Standard-Verzeichnis aktiv!<\/p>\n\n\n\n<p><\/p>\n","protected":false},"excerpt":{"rendered":"<p>Eigentlich stellen wir die Hotline\u2011Topics immer als Kombination aus einem planerischen oder marktforscherischen Aspekt und einem passenden technischen Tool\u2011Feature dar. Diesmal weichen wir davon ab. Der Grund: Bei uns h\u00e4ufen sich Anfragen, dass bestimmte Zielgruppen, die geladen werden sollen, nicht sichtbar seien. Deshalb widmen wir uns diesmal ausschlie\u00dflich dem technischen Feature \u201eStandard-Verzeichnis\u201c. Warum gibt es [&hellip;]<\/p>\n","protected":false},"author":11,"featured_media":0,"comment_status":"closed","ping_status":"closed","sticky":false,"template":"","format":"standard","meta":{"_acf_changed":false,"inline_featured_image":false,"footnotes":""},"categories":[37],"tags":[],"class_list":["post-3017","post","type-post","status-publish","format-standard","hentry","category-hotline-topics"],"acf":[],"_links":{"self":[{"href":"\/docs-mcloud\/wp-json\/wp\/v2\/posts\/3017","targetHints":{"allow":["GET"]}}],"collection":[{"href":"\/docs-mcloud\/wp-json\/wp\/v2\/posts"}],"about":[{"href":"\/docs-mcloud\/wp-json\/wp\/v2\/types\/post"}],"author":[{"embeddable":true,"href":"\/docs-mcloud\/wp-json\/wp\/v2\/users\/11"}],"replies":[{"embeddable":true,"href":"\/docs-mcloud\/wp-json\/wp\/v2\/comments?post=3017"}],"version-history":[{"count":4,"href":"\/docs-mcloud\/wp-json\/wp\/v2\/posts\/3017\/revisions"}],"predecessor-version":[{"id":3032,"href":"\/docs-mcloud\/wp-json\/wp\/v2\/posts\/3017\/revisions\/3032"}],"wp:attachment":[{"href":"\/docs-mcloud\/wp-json\/wp\/v2\/media?parent=3017"}],"wp:term":[{"taxonomy":"category","embeddable":true,"href":"\/docs-mcloud\/wp-json\/wp\/v2\/categories?post=3017"},{"taxonomy":"post_tag","embeddable":true,"href":"\/docs-mcloud\/wp-json\/wp\/v2\/tags?post=3017"}],"curies":[{"name":"wp","href":"https:\/\/api.w.org\/{rel}","templated":true}]}}